{"id":884,"date":"2011-05-17T10:17:49","date_gmt":"2011-05-17T10:17:49","guid":{"rendered":"https:\/\/www.minicity.it\/blog\/?p=884"},"modified":"2011-05-17T10:17:49","modified_gmt":"2011-05-17T10:17:49","slug":"apertura-makako-pesaro-discoteche-marche","status":"publish","type":"post","link":"https:\/\/www.minicity.it\/blog\/2011\/05\/apertura-makako-pesaro-discoteche-marche\/","title":{"rendered":"Apre domani il Makako per animare la notte pesarese"},"content":{"rendered":"<p><a href=\"https:\/\/www.minicity.it\/blog\/wp-content\/uploads\/2011\/03\/discoteche-rimini.jpg\" target=\"_blank\"><img loading=\"lazy\" decoding=\"async\" class=\"alignleft size-full wp-image-459\" style=\"margin: 5px 8px;\" title=\"discoteche-rimini\" src=\"https:\/\/www.minicity.it\/blog\/wp-content\/uploads\/2011\/03\/discoteche-rimini.jpg\" alt=\"\" width=\"300\" height=\"202\" \/><\/a>Domani ci sar\u00e0 la grande festa in occasione dell&#8217;<strong>apertura del Makako<\/strong> con tante novit\u00e0 per la stagione 2011&#8230;<\/p>\n<p><strong>Pesaro<\/strong>. Con l&#8217;arrivo dell&#8217;estate, domani dalle ore 22 inizieranno i festeggiamenti per l&#8217;apertura del Makako. Apertura 2011 che lancia un nuovo divertimento per la notte pesarese e nuove novit\u00e0 per il locale fra cui l&#8217;apertura di un nuovo spazio dedicato alla discoteca. Discoteca che sorger\u00e0 al posto del vecchio Canto Pirata e che sar\u00e0 aperta durante le serate del marted\u00ec e il sabato a cura dello studio Garden Design. Il programma della discoteca preveder\u00e0 un pubblico di giovanissimi al marted\u00ec e sabato un pubblico pi\u00f9 ampio dove in attesa del set dj, la serata sar\u00e0 aperta da un concerto dal vivo.<\/p>\n<p>La nuova strategia \u00e8 stata pensata da Giacomo Paianini, gestore di locali di tendenza nel pesarese, dove spiega che<strong> la discoteca offrir\u00e0<\/strong> diversi servizi che vanno dalla possibilit\u00e0 di gustare un aperitivo, un pranzo, una cena e tracorrere il dopocena a prezzi competitivi.<\/p>\n<p><strong>Per domani <\/strong>\u00e8 gi\u00e0 tutto pronto e a gestire la musica ci saranno Michele Bicciato, RobyT e Corrado Cori, mentre a curare la cucina ci sar\u00e0 Stefano. Inoltre saranno presenti tante ragazze immagine provenienti dalle discoteche romagnole..<\/p>\n","protected":false},"excerpt":{"rendered":"<p>Domani ci sar&agrave; la grande festa in occasione dell&rsquo;apertura del Makako con tante novit&agrave; per la stagione 2011&hellip; Pesaro. Con l&rsquo;arrivo dell&rsquo;estate, domani dalle ore 22 inizieranno i festeggiamenti per l&rsquo;apertura del Makako. Apertura 2011 che lancia un nuovo divertimento per la notte pesarese e nuove novit&agrave; per il locale fra cui l&rsquo;apertura di un &#8230;<a class=\"post-readmore\" href=\"https:\/\/www.minicity.it\/blog\/2011\/05\/apertura-makako-pesaro-discoteche-marche\/\">read more<\/a><\/p>\n","protected":false},"author":1,"featured_media":0,"comment_status":"open","ping_status":"open","sticky":false,"template":"","format":"standard","meta":{"footnotes":""},"categories":[3],"tags":[32,5],"class_list":["post-884","post","type-post","status-publish","format-standard","hentry","category-turismo","tag-marche","tag-notizie"],"aioseo_notices":[],"_links":{"self":[{"href":"https:\/\/www.minicity.it\/blog\/wp-json\/wp\/v2\/posts\/884","targetHints":{"allow":["GET"]}}],"collection":[{"href":"https:\/\/www.minicity.it\/blog\/wp-json\/wp\/v2\/posts"}],"about":[{"href":"https:\/\/www.minicity.it\/blog\/wp-json\/wp\/v2\/types\/post"}],"author":[{"embeddable":true,"href":"https:\/\/www.minicity.it\/blog\/wp-json\/wp\/v2\/users\/1"}],"replies":[{"embeddable":true,"href":"https:\/\/www.minicity.it\/blog\/wp-json\/wp\/v2\/comments?post=884"}],"version-history":[{"count":0,"href":"https:\/\/www.minicity.it\/blog\/wp-json\/wp\/v2\/posts\/884\/revisions"}],"wp:attachment":[{"href":"https:\/\/www.minicity.it\/blog\/wp-json\/wp\/v2\/media?parent=884"}],"wp:term":[{"taxonomy":"category","embeddable":true,"href":"https:\/\/www.minicity.it\/blog\/wp-json\/wp\/v2\/categories?post=884"},{"taxonomy":"post_tag","embeddable":true,"href":"https:\/\/www.minicity.it\/blog\/wp-json\/wp\/v2\/tags?post=884"}],"curies":[{"name":"wp","href":"https:\/\/api.w.org\/{rel}","templated":true}]}}