{"id":893,"date":"2011-05-18T07:33:27","date_gmt":"2011-05-18T07:33:27","guid":{"rendered":"https:\/\/www.minicity.it\/blog\/?p=893"},"modified":"2011-05-18T07:33:27","modified_gmt":"2011-05-18T07:33:27","slug":"le-marche-e-la-collaborazione-adriatico-ionica","status":"publish","type":"post","link":"https:\/\/www.minicity.it\/blog\/2011\/05\/le-marche-e-la-collaborazione-adriatico-ionica\/","title":{"rendered":"Le Marche e la collaborazione adriatico-Ionica"},"content":{"rendered":"<p><a href=\"https:\/\/www.minicity.it\/blog\/wp-content\/uploads\/2011\/05\/turismomarche.jpg\" target=\"_blank\"><img loading=\"lazy\" decoding=\"async\" class=\"alignleft size-full wp-image-787\" style=\"margin: 5px 8px;\" title=\"turismomarche\" src=\"https:\/\/www.minicity.it\/blog\/wp-content\/uploads\/2011\/05\/turismomarche.jpg\" alt=\"\" width=\"150\" height=\"113\" \/><\/a>Gian Mario Spacca, presidente della <strong>Regione Marche<\/strong>, \u00e8 intervenuto, domenica 15 maggio scorso, al convegno \u201cIl Mediterraneo e le citt\u00e0.<\/p>\n<p>Dinamiche economiche, culturali e spirituali tra le citt\u00e0, le regioni ed i popoli del Mediterraneo\u201d, che si \u00e8 tenuto a Firenze, promosso dalla Fondazione Giovanni Paolo II e dalla Regione Toscana. In quest&#8217;occasione Spacca ha rilanciato l&#8217;idea di un collaborazione tra Paesi dell&#8217;area adriatico-Ionica: <em>\u00abE&#8217; interesse diretto delle Marche e di tutte le regioni italiane che si affacciano sull&#8217;Adriatico e lo Ionio intervenire con forza e convinzione per realizzare una sempre maggiore integrazione, economica, sociale e culturale tra i Paesi dell&#8217;area, tale da creare una \u201cmassa critica\u201d in grado di avere dimensione e autorevolezza per riportare su di essa l&#8217;attenzione delle istituzioni comunitarie e degli attori dell&#8217;economia europea ed internazionale\u00bb<\/em>.<\/p>\n<p>L&#8217;intervento di Spacca si \u00e8 concentrato proprio sul ruolo che la sua regione ha avuto in ambito Adriatico nella promozione della cooperazione e della pace: le Marche, infatti, gi\u00e0 dagli anni Novanta hanno avviato numerose iniziative in questo senso.<\/p>\n<p><em>\u00abNel tempo dai progetti di cooperazione allo sviluppo, la Regione Marche \u00e8 passata a programmi di cooperazione territoriale e transfrontaliera. Tutta la comunit\u00e0 ha progressivamente condiviso questa progettualit\u00e0, avviando reti formali che hanno innervato lo spazio adriatico: il Forum delle citt\u00e0, il network delle Camere di commercio, Uniadrion la rete delle Universit\u00e0 e l&#8217;Euro-regione adriatica. Inoltre, numerose iniziative culturali, come il Festival Adriatico Mediterraneo ad Ancona, hanno contribuito a stringere legami sempre pi\u00f9 stretti e consapevoli tra le due sponde\u00bb<\/em>, ha spiegato il Governatore.<\/p>\n<p><strong>Il progetto<\/strong> \u00e8 molto ambizioso e guarda all&#8217;Europa, esattamente al 2014, quando all&#8217;Italia toccher\u00e0 di nuovo la Presidenza di turno dell&#8217;Unione europea: la costruzione proprio di una Macroregione Adriatico Ionica.<\/p>\n<p><em>\u00abIl riconoscimento da parte dell\u2019Unione europea di una Strategia Macroregionale per l\u2019area Adriatico Ionica pu\u00f2 rappresentare un&#8217;importante occasione per avviare un percorso di condivisione delle politiche di sviluppo dell&#8217;area e per richiamare l&#8217;attenzione dell&#8217;Europa sul suo fianco sud-est, forse il pi\u00f9 debole tra i quadranti del continente. Nella prospettiva di rafforzare la stabilit\u00e0 di tutta l&#8217;area, gli otto Stati membri dell\u2019Iniziativa Adriatico Ionica hanno dato la propria adesione alla strategia, ma occorre sin da ora creare le condizioni affinch\u00e9 ne entrino a far parte anche gli altri Paesi balcanici\u00bb<\/em>.<\/p>\n","protected":false},"excerpt":{"rendered":"<p>Gian Mario Spacca, presidente della Regione Marche, &egrave; intervenuto, domenica 15 maggio scorso, al convegno &ldquo;Il Mediterraneo e le citt&agrave;. Dinamiche economiche, culturali e spirituali tra le citt&agrave;, le regioni ed i popoli del Mediterraneo&rdquo;, che si &egrave; tenuto a Firenze, promosso dalla Fondazione Giovanni Paolo II e dalla Regione Toscana. In quest&rsquo;occasione Spacca ha &#8230;<a class=\"post-readmore\" href=\"https:\/\/www.minicity.it\/blog\/2011\/05\/le-marche-e-la-collaborazione-adriatico-ionica\/\">read more<\/a><\/p>\n","protected":false},"author":1,"featured_media":0,"comment_status":"open","ping_status":"open","sticky":false,"template":"","format":"standard","meta":{"footnotes":""},"categories":[3],"tags":[32,5],"class_list":["post-893","post","type-post","status-publish","format-standard","hentry","category-turismo","tag-marche","tag-notizie"],"aioseo_notices":[],"_links":{"self":[{"href":"https:\/\/www.minicity.it\/blog\/wp-json\/wp\/v2\/posts\/893","targetHints":{"allow":["GET"]}}],"collection":[{"href":"https:\/\/www.minicity.it\/blog\/wp-json\/wp\/v2\/posts"}],"about":[{"href":"https:\/\/www.minicity.it\/blog\/wp-json\/wp\/v2\/types\/post"}],"author":[{"embeddable":true,"href":"https:\/\/www.minicity.it\/blog\/wp-json\/wp\/v2\/users\/1"}],"replies":[{"embeddable":true,"href":"https:\/\/www.minicity.it\/blog\/wp-json\/wp\/v2\/comments?post=893"}],"version-history":[{"count":0,"href":"https:\/\/www.minicity.it\/blog\/wp-json\/wp\/v2\/posts\/893\/revisions"}],"wp:attachment":[{"href":"https:\/\/www.minicity.it\/blog\/wp-json\/wp\/v2\/media?parent=893"}],"wp:term":[{"taxonomy":"category","embeddable":true,"href":"https:\/\/www.minicity.it\/blog\/wp-json\/wp\/v2\/categories?post=893"},{"taxonomy":"post_tag","embeddable":true,"href":"https:\/\/www.minicity.it\/blog\/wp-json\/wp\/v2\/tags?post=893"}],"curies":[{"name":"wp","href":"https:\/\/api.w.org\/{rel}","templated":true}]}}