{"id":930,"date":"2011-05-27T08:40:44","date_gmt":"2011-05-27T08:40:44","guid":{"rendered":"https:\/\/www.minicity.it\/blog\/?p=930"},"modified":"2011-05-27T08:40:44","modified_gmt":"2011-05-27T08:40:44","slug":"apertura-del-beky-bay-festival-di-bellaria","status":"publish","type":"post","link":"https:\/\/www.minicity.it\/blog\/2011\/05\/apertura-del-beky-bay-festival-di-bellaria\/","title":{"rendered":"Apertura del Beky bay festival di Bellaria"},"content":{"rendered":"<p><a href=\"https:\/\/www.minicity.it\/blog\/wp-content\/uploads\/2011\/02\/discoteche-rimini.jpg\" target=\"_blank\"><img loading=\"lazy\" decoding=\"async\" class=\"alignleft size-full wp-image-333\" style=\"margin: 5px 8px;\" title=\"discoteche-rimini\" src=\"https:\/\/www.minicity.it\/blog\/wp-content\/uploads\/2011\/02\/discoteche-rimini.jpg\" alt=\"\" width=\"300\" height=\"202\" \/><\/a>Pronta a partire la stagione anche al <strong>Baky Bay di Bellaria Igea Marina<\/strong><\/p>\n<p><strong>BELLARIA IGEA MARINA.<\/strong> Da questo Sabato, riapre il il Baky Bay, il locale sulla spiaggia nella spiaggia libera di Igea Marina, dove per il 2011 ci saranno alcune novit\u00e0. Novit\u00e0 principale per la nuova stagione sar\u00e0 la sfida fra band&#8230; Tutti i sabati saranno presenti le migliori band della Romagna per concerti live, dove ad ogni appuntamento si sfideranno due gruppi fino ad arrivare ad Agosto per decretare il vincitore. Per decidere chi sar\u00e0 il vincitore contribuir\u00e0 anche il pubblico oltre alla giuria capitanata da Michele Sacco Montanari.<\/p>\n<p>Questo sabato ad aprire la stagione del Baky Bay sar\u00e0 il cantautore Said dalle origini sudamericane contro i Pillowlava, gruppo di 4 giovani di Rimini. La serata continuer\u00e0 con la musica dei Mamasita a tempo di latin-pop-reggae, mentre alla console ci sar\u00e0 il Dj Emi.<\/p>\n<p>Per questa stagione \u00e8 prevista anche la <strong>presenza dei Pooh<\/strong> in occasione della notte rosa nella giornata di venerd\u00ec 1\u00b0 Luglio.<\/p>\n<p>Come gli altri anni saranno presenti anche punti ristoro con un campo da Beach Volley allestito vicino al locale.<\/p>\n<p>&nbsp;<\/p>\n","protected":false},"excerpt":{"rendered":"<p>Pronta a partire la stagione anche al Baky Bay di Bellaria Igea Marina BELLARIA IGEA MARINA. Da questo Sabato, riapre il il Baky Bay, il locale sulla spiaggia nella spiaggia libera di Igea Marina, dove per il 2011 ci saranno alcune novit&agrave;. Novit&agrave; principale per la nuova stagione sar&agrave; la sfida fra band&hellip; Tutti i &#8230;<a class=\"post-readmore\" href=\"https:\/\/www.minicity.it\/blog\/2011\/05\/apertura-del-beky-bay-festival-di-bellaria\/\">read more<\/a><\/p>\n","protected":false},"author":1,"featured_media":0,"comment_status":"open","ping_status":"open","sticky":false,"template":"","format":"standard","meta":{"footnotes":""},"categories":[3],"tags":[31,33],"class_list":["post-930","post","type-post","status-publish","format-standard","hentry","category-turismo","tag-bellaria-igea-marina","tag-eventi-riviera"],"aioseo_notices":[],"_links":{"self":[{"href":"https:\/\/www.minicity.it\/blog\/wp-json\/wp\/v2\/posts\/930","targetHints":{"allow":["GET"]}}],"collection":[{"href":"https:\/\/www.minicity.it\/blog\/wp-json\/wp\/v2\/posts"}],"about":[{"href":"https:\/\/www.minicity.it\/blog\/wp-json\/wp\/v2\/types\/post"}],"author":[{"embeddable":true,"href":"https:\/\/www.minicity.it\/blog\/wp-json\/wp\/v2\/users\/1"}],"replies":[{"embeddable":true,"href":"https:\/\/www.minicity.it\/blog\/wp-json\/wp\/v2\/comments?post=930"}],"version-history":[{"count":0,"href":"https:\/\/www.minicity.it\/blog\/wp-json\/wp\/v2\/posts\/930\/revisions"}],"wp:attachment":[{"href":"https:\/\/www.minicity.it\/blog\/wp-json\/wp\/v2\/media?parent=930"}],"wp:term":[{"taxonomy":"category","embeddable":true,"href":"https:\/\/www.minicity.it\/blog\/wp-json\/wp\/v2\/categories?post=930"},{"taxonomy":"post_tag","embeddable":true,"href":"https:\/\/www.minicity.it\/blog\/wp-json\/wp\/v2\/tags?post=930"}],"curies":[{"name":"wp","href":"https:\/\/api.w.org\/{rel}","templated":true}]}}