{"id":957,"date":"2011-06-03T09:27:19","date_gmt":"2011-06-03T09:27:19","guid":{"rendered":"https:\/\/www.minicity.it\/blog\/?p=957"},"modified":"2012-09-13T14:48:44","modified_gmt":"2012-09-13T14:48:44","slug":"alberghi-strapieni-per-il-ponte-del-2-giugno","status":"publish","type":"post","link":"https:\/\/www.minicity.it\/blog\/2011\/06\/alberghi-strapieni-per-il-ponte-del-2-giugno\/","title":{"rendered":"Alberghi strapieni per il ponte del 2 Giugno"},"content":{"rendered":"<p><a href=\"https:\/\/www.minicity.it\/blog\/wp-content\/uploads\/2010\/07\/vacanza-rimini.jpg\"><img loading=\"lazy\" decoding=\"async\" class=\"alignleft size-full wp-image-91\" title=\"vacanza-rimini\" src=\"https:\/\/www.minicity.it\/blog\/wp-content\/uploads\/2010\/07\/vacanza-rimini.jpg\" alt=\"\" width=\"200\" height=\"150\" \/><\/a>In occasione del ponte del 2 Giugno ancora in atto, gli <a title=\"hotel a rimini\" href=\"https:\/\/www.minicity.it\/hotel-rimini.html\" target=\"_blank\">alberghi di Rimini<\/a> stanno registrando il tutto esaurito e ancora in tanti usufruiranno delle <a title=\"last minute rimini\" href=\"https:\/\/www.minicity.it\/rimini\/last-minute.html\" target=\"_blank\">offerte last minute<\/a>&#8230;<\/p>\n<p><strong>RIMINI.<\/strong> Il ponte del 2 Giugno \u00e8 stato il primo week end dove a Rimini si \u00e8 registrato il pienone, dove continuer\u00e0 per altri 3 giorni riempiendo il 90% degli hotel dove sono attesi gli ultimi ritardatari. Un inizio per lanciare la stagione e portare ottimismo fra le categorie.<\/p>\n<p>Il presidente dell&#8217;<strong>Associazione albergatori<\/strong>, Patrizia Rinaldis conferma che le prenotazioni continuano ad arrivare non solo dai privati, ma anche da persone interessate all&#8217;evento del Rimini Dance e alle Giornate di Rinnovamento dello spirito.<\/p>\n<p>Anche <strong>Promozione Alberghiera<\/strong> conferma il trend positivo e a parlare \u00e8 il presidente Marina Lappi che in attesa della chiusura delle scuole, dice che questo \u00e8 un ottimo inizio. Ora continua a dire la Lappi, il tempo deve reggere per poter dar la possibilit\u00e0 di portare in Riviera anche gli ultimi turisti dell&#8217;ultimo giorno&#8230;<\/p>\n<p>Il presidente di <strong>Rimini Reservation<\/strong>, Marcello Baldacci conferma il successo: <em>&#8220;Abbiamo aperto gli uffici territoriali proprio in occasione del ponte: la gente \u00e8 rimasta a casa in questi mesi e non vedeva l&#8217;ora di prendersi una vacanza&#8230;&#8221;<\/em><\/p>\n<p>Per sistemare gli ospiti di Rinnovamento dello spirito <em>si \u00e8 dovuto <\/em>ricorrere alle strutture di Cesenatico visto il pienone in quelle di Rimini.<em><br \/>\n<\/em><\/p>\n<p>Giudizio positivo anche da parte del segretario di Confesercenti e il numero uno di ConfCommercio&#8230;<em><br \/>\n<\/em><\/p>\n","protected":false},"excerpt":{"rendered":"<p>In occasione del ponte del 2 Giugno ancora in atto, gli alberghi di Rimini stanno registrando il tutto esaurito e ancora in tanti usufruiranno delle offerte last minute&hellip; RIMINI. Il ponte del 2 Giugno &egrave; stato il primo week end dove a Rimini si &egrave; registrato il pienone, dove continuer&agrave; per altri 3 giorni riempiendo &#8230;<a class=\"post-readmore\" href=\"https:\/\/www.minicity.it\/blog\/2011\/06\/alberghi-strapieni-per-il-ponte-del-2-giugno\/\">read more<\/a><\/p>\n","protected":false},"author":1,"featured_media":0,"comment_status":"open","ping_status":"open","sticky":false,"template":"","format":"standard","meta":{"footnotes":""},"categories":[3],"tags":[10],"class_list":["post-957","post","type-post","status-publish","format-standard","hentry","category-turismo","tag-rimini"],"aioseo_notices":[],"_links":{"self":[{"href":"https:\/\/www.minicity.it\/blog\/wp-json\/wp\/v2\/posts\/957","targetHints":{"allow":["GET"]}}],"collection":[{"href":"https:\/\/www.minicity.it\/blog\/wp-json\/wp\/v2\/posts"}],"about":[{"href":"https:\/\/www.minicity.it\/blog\/wp-json\/wp\/v2\/types\/post"}],"author":[{"embeddable":true,"href":"https:\/\/www.minicity.it\/blog\/wp-json\/wp\/v2\/users\/1"}],"replies":[{"embeddable":true,"href":"https:\/\/www.minicity.it\/blog\/wp-json\/wp\/v2\/comments?post=957"}],"version-history":[{"count":0,"href":"https:\/\/www.minicity.it\/blog\/wp-json\/wp\/v2\/posts\/957\/revisions"}],"wp:attachment":[{"href":"https:\/\/www.minicity.it\/blog\/wp-json\/wp\/v2\/media?parent=957"}],"wp:term":[{"taxonomy":"category","embeddable":true,"href":"https:\/\/www.minicity.it\/blog\/wp-json\/wp\/v2\/categories?post=957"},{"taxonomy":"post_tag","embeddable":true,"href":"https:\/\/www.minicity.it\/blog\/wp-json\/wp\/v2\/tags?post=957"}],"curies":[{"name":"wp","href":"https:\/\/api.w.org\/{rel}","templated":true}]}}