{"id":967,"date":"2011-06-07T08:41:14","date_gmt":"2011-06-07T08:41:14","guid":{"rendered":"https:\/\/www.minicity.it\/blog\/?p=967"},"modified":"2011-06-07T08:41:14","modified_gmt":"2011-06-07T08:41:14","slug":"sposalizio-del-mare-recuperato-lanello-da-un-bagnino","status":"publish","type":"post","link":"https:\/\/www.minicity.it\/blog\/2011\/06\/sposalizio-del-mare-recuperato-lanello-da-un-bagnino\/","title":{"rendered":"Sposalizio del Mare: recuperato l&#8217;anello da un bagnino"},"content":{"rendered":"<p><a href=\"https:\/\/www.minicity.it\/blog\/wp-content\/uploads\/2011\/05\/sposaliziodelmare2011.jpg\"><img loading=\"lazy\" decoding=\"async\" class=\"alignleft size-full wp-image-945\" title=\"sposaliziodelmare2011\" src=\"https:\/\/www.minicity.it\/blog\/wp-content\/uploads\/2011\/05\/sposaliziodelmare2011.jpg\" alt=\"\" width=\"200\" height=\"133\" \/><\/a>Quest&#8217;anno l&#8217;anello \u00e8 stato ritrovato a differenza dell&#8217;anno scorso e il vincitore \u00e8 stato Luca Marcatelli della squadra del Circolo Nautico&#8230;<\/p>\n<p><strong>CERVIA.<\/strong> L&#8217;anello lanciato dal vescovo, quest&#8217;anno \u00e8 stato ritrovato dopo le parole di Monsignor Verucchi: <em>&#8220;Quest&#8217;anno non perdetelo&#8221;<\/em>. Infatti \u00e8 stato recuperato da Luca Marcatelli, bagnino di 31 anni di Cervia, dove per la seconda volta trionfa riuscendo a recuperare l&#8217;anello del suggestivo Sposalizio del Mare.<\/p>\n<p>A causa del maltempo la cerimonia si \u00e8 spostata all&#8217;interno del porto canale invece di svolgersi in mare aperto, ma con un gran numero di partecipanti. Un successo per lo Sposalizio del Mare che porta buone notizie anche sul gemellaggio con la citt\u00e0 tedesca di Aalen che si \u00e8 svolta con la partecipazione numerosa della delegazione provieniente dalla citt\u00e0 tedesca. Un gemellaggio che ha visto mettere in tavola sapori e tradizioni delle rispettive citt\u00e0 accompagnati da boccali di birra proveniente dalla Germania che permetteranno di definire un futuro programma di interscambio e di accordi turistici&#8230;<\/p>\n","protected":false},"excerpt":{"rendered":"<p>Quest&rsquo;anno l&rsquo;anello &egrave; stato ritrovato a differenza dell&rsquo;anno scorso e il vincitore &egrave; stato Luca Marcatelli della squadra del Circolo Nautico&hellip; CERVIA. L&rsquo;anello lanciato dal vescovo, quest&rsquo;anno &egrave; stato ritrovato dopo le parole di Monsignor Verucchi: &ldquo;Quest&rsquo;anno non perdetelo&rdquo;. Infatti &egrave; stato recuperato da Luca Marcatelli, bagnino di 31 anni di Cervia, dove per la &#8230;<a class=\"post-readmore\" href=\"https:\/\/www.minicity.it\/blog\/2011\/06\/sposalizio-del-mare-recuperato-lanello-da-un-bagnino\/\">read more<\/a><\/p>\n","protected":false},"author":1,"featured_media":0,"comment_status":"open","ping_status":"open","sticky":false,"template":"","format":"standard","meta":{"footnotes":""},"categories":[3],"tags":[20],"class_list":["post-967","post","type-post","status-publish","format-standard","hentry","category-turismo","tag-cervia"],"aioseo_notices":[],"_links":{"self":[{"href":"https:\/\/www.minicity.it\/blog\/wp-json\/wp\/v2\/posts\/967","targetHints":{"allow":["GET"]}}],"collection":[{"href":"https:\/\/www.minicity.it\/blog\/wp-json\/wp\/v2\/posts"}],"about":[{"href":"https:\/\/www.minicity.it\/blog\/wp-json\/wp\/v2\/types\/post"}],"author":[{"embeddable":true,"href":"https:\/\/www.minicity.it\/blog\/wp-json\/wp\/v2\/users\/1"}],"replies":[{"embeddable":true,"href":"https:\/\/www.minicity.it\/blog\/wp-json\/wp\/v2\/comments?post=967"}],"version-history":[{"count":0,"href":"https:\/\/www.minicity.it\/blog\/wp-json\/wp\/v2\/posts\/967\/revisions"}],"wp:attachment":[{"href":"https:\/\/www.minicity.it\/blog\/wp-json\/wp\/v2\/media?parent=967"}],"wp:term":[{"taxonomy":"category","embeddable":true,"href":"https:\/\/www.minicity.it\/blog\/wp-json\/wp\/v2\/categories?post=967"},{"taxonomy":"post_tag","embeddable":true,"href":"https:\/\/www.minicity.it\/blog\/wp-json\/wp\/v2\/tags?post=967"}],"curies":[{"name":"wp","href":"https:\/\/api.w.org\/{rel}","templated":true}]}}