{"id":979,"date":"2011-06-07T10:19:09","date_gmt":"2011-06-07T10:19:09","guid":{"rendered":"https:\/\/www.minicity.it\/blog\/?p=979"},"modified":"2011-06-07T10:19:09","modified_gmt":"2011-06-07T10:19:09","slug":"bandiera-blu-per-il-litorale-di-fano","status":"publish","type":"post","link":"https:\/\/www.minicity.it\/blog\/2011\/06\/bandiera-blu-per-il-litorale-di-fano\/","title":{"rendered":"Bandiera Blu per il litorale di FANO"},"content":{"rendered":"<p><a href=\"https:\/\/www.minicity.it\/blog\/wp-content\/uploads\/2011\/05\/bandierablu.jpg\"><img loading=\"lazy\" decoding=\"async\" class=\"alignleft size-full wp-image-821\" title=\"bandierablu\" src=\"https:\/\/www.minicity.it\/blog\/wp-content\/uploads\/2011\/05\/bandierablu.jpg\" alt=\"\" width=\"150\" height=\"109\" \/><\/a>Torna a sventolare la <strong>Bandiera Blu per la citt\u00e0 di Fano<\/strong>&#8230;<\/p>\n<p><strong>FANO.<\/strong> La Bandiera Blu, simbolo di qualit\u00e0 torna sui litorali fanesi. Sabato si \u00e8 svolta la cerimonia ufficiale dove \u00e8 stato assegnato il prestigioso riconoscimento della FEE presso l&#8217;anfiteatro Rastatt.<\/p>\n<p>Un riconoscimento ben accolto dalla citt\u00e0, dove il sindaco Stefano Aguzzi si dice orgoglioso di aver potuto issare la bandiera, simbolo di orgoglio per la citt\u00e0 di Fano e segno che il servizio offerto \u00e8 migliorato perch\u00e8 precisa anche che non basta rimanere sugli standard dell&#8217;anno precedente per confermare il premio, ma si devono migliorare.<\/p>\n<p>Le parole del sindaco in merito al premio ricevuto:<\/p>\n<blockquote><p>I fanesi possono dirsi orgogliosi di vivere in una citt\u00e0 all&#8217;altezza delle tante sfide che le si presentano sulla qualit\u00e0 ambientale, sui prodotti tipici e sull&#8217;offerta turistica<\/p><\/blockquote>\n<p>Continua il discorso l&#8217;assessore al turismo, Alberto Santorelli, dove sottolinea l&#8217;aumento delle presenze nel 2010 con un incremento di stranieri del 23% negli <a title=\"hotel fano\" href=\"https:\/\/www.minicity.it\/ita\/fano\/index.html\">alberghi di Fano<\/a> e si prospetta un incremento anche per la stagione del 2011 dove gi\u00e0 con il week end appena passato le presenza confermano un andamento positivo.<\/p>\n<blockquote><p>Issare la bandiera in questo fine settimana con le strutture e le spiagge piene \u00e8 stato significativo<\/p><\/blockquote>\n<p>Anche il direttore ufficio Turismo, Mauro Giampaoli conferma che la bandiera blu \u00e8 importante per Fano perch\u00e8 molti turisti prima di scegliere la loro meta per la propria vacanza controlla se la meta prescelta possiede questo riconoscimento che confermano standard qualitativi imposti dalla Fee.<\/p>\n","protected":false},"excerpt":{"rendered":"<p>Torna a sventolare la Bandiera Blu per la citt&agrave; di Fano&hellip; FANO. La Bandiera Blu, simbolo di qualit&agrave; torna sui litorali fanesi. Sabato si &egrave; svolta la cerimonia ufficiale dove &egrave; stato assegnato il prestigioso riconoscimento della FEE presso l&rsquo;anfiteatro Rastatt. Un riconoscimento ben accolto dalla citt&agrave;, dove il sindaco Stefano Aguzzi si dice orgoglioso &#8230;<a class=\"post-readmore\" href=\"https:\/\/www.minicity.it\/blog\/2011\/06\/bandiera-blu-per-il-litorale-di-fano\/\">read more<\/a><\/p>\n","protected":false},"author":1,"featured_media":0,"comment_status":"open","ping_status":"open","sticky":false,"template":"","format":"standard","meta":{"footnotes":""},"categories":[3],"tags":[32],"class_list":["post-979","post","type-post","status-publish","format-standard","hentry","category-turismo","tag-marche"],"aioseo_notices":[],"_links":{"self":[{"href":"https:\/\/www.minicity.it\/blog\/wp-json\/wp\/v2\/posts\/979","targetHints":{"allow":["GET"]}}],"collection":[{"href":"https:\/\/www.minicity.it\/blog\/wp-json\/wp\/v2\/posts"}],"about":[{"href":"https:\/\/www.minicity.it\/blog\/wp-json\/wp\/v2\/types\/post"}],"author":[{"embeddable":true,"href":"https:\/\/www.minicity.it\/blog\/wp-json\/wp\/v2\/users\/1"}],"replies":[{"embeddable":true,"href":"https:\/\/www.minicity.it\/blog\/wp-json\/wp\/v2\/comments?post=979"}],"version-history":[{"count":0,"href":"https:\/\/www.minicity.it\/blog\/wp-json\/wp\/v2\/posts\/979\/revisions"}],"wp:attachment":[{"href":"https:\/\/www.minicity.it\/blog\/wp-json\/wp\/v2\/media?parent=979"}],"wp:term":[{"taxonomy":"category","embeddable":true,"href":"https:\/\/www.minicity.it\/blog\/wp-json\/wp\/v2\/categories?post=979"},{"taxonomy":"post_tag","embeddable":true,"href":"https:\/\/www.minicity.it\/blog\/wp-json\/wp\/v2\/tags?post=979"}],"curies":[{"name":"wp","href":"https:\/\/api.w.org\/{rel}","templated":true}]}}